{"id":88,"date":"2019-10-15T03:05:25","date_gmt":"2019-10-15T01:05:25","guid":{"rendered":"http:\/\/marekjasinski.org.pl\/?p=88"},"modified":"2021-09-01T04:30:54","modified_gmt":"2021-09-01T02:30:54","slug":"soundscapes-przestrzen-dzwieku","status":"publish","type":"post","link":"https:\/\/marekjasinski.org.pl\/?p=88","title":{"rendered":"SOUNDSCAPES &#8211; PRZESTRZE\u0143 D\u0179WI\u0118KU"},"content":{"rendered":"\n<div class=\"wp-block-image\"><figure class=\"alignright\"><img loading=\"lazy\" width=\"300\" height=\"268\" src=\"http:\/\/marekjasinski.org.pl\/wp-content\/uploads\/2019\/10\/Soundscapes-Przestrzen-Dzwieku_it11_r_800x600-300x268.jpg\" alt=\"\" class=\"wp-image-89\" srcset=\"https:\/\/marekjasinski.org.pl\/wp-content\/uploads\/2019\/10\/Soundscapes-Przestrzen-Dzwieku_it11_r_800x600-300x268.jpg 300w, https:\/\/marekjasinski.org.pl\/wp-content\/uploads\/2019\/10\/Soundscapes-Przestrzen-Dzwieku_it11_r_800x600.jpg 672w\" sizes=\"(max-width: 300px) 100vw, 300px\" \/><\/figure><\/div>\n\n\n\n<p>Dwup\u0142ytowe nagranie utwor\u00f3w zrealizowa\u0142 Ch\u00f3r Akademicki Profesora Szyrockiego Zachodniopomorskiego Uniwersytetu Technologicznego. To pierwsza monograficzna p\u0142yta z muzyk\u0105 Marka Jasi\u0144skiego.<\/p>\n\n\n\n<p>Nagrany w technologii sourround, co znaczy, \u017ce mo\u017cna takiej p\u0142yty s\u0142ucha\u0107 w domu na zestawie kina domowego z zachowaniem efekt\u00f3w przestrzennych, kt\u00f3re kompozytor zastosowa\u0142 w swoich utworach.<\/p>\n\n\n\n<p>Nagrany w Studiu Koncertowym im. Jana Szyrockiego Polskiego Radia Szczecin.<\/p>\n\n\n\n<p><strong>Wykonanie:<\/strong>&nbsp;Ch\u00f3r Akademicki im. prof. Jana Szyrockiego Zachodniopomorskiego Uniwersytetu Technologicznego w Szczecinie<\/p>\n\n\n\n<p><br><strong>Dyrygent<\/strong>: Szymon Wyrzykowski<\/p>\n\n\n\n<p><strong>Kompozytorzy:<\/strong><\/p>\n\n\n\n<p><br><strong>Marek Jasi\u0144ski (1949-2010)<\/strong><br>1. Exultate Deo, 3:22<br>2. Kyrie, 7:18<br>3. Gloria, 4:31<br>4. Psalm 100, 6:27<br>5. Alleluja, 4:12<br>6. Dona nobis pacem, 5:31<br>7. Stabat Mater, 8:47<br><br><strong>Wac\u0142aw z Szamotu\u0142 (1524-1560)<\/strong><br>8. Ju\u017c si\u0119 zmierzcha, 3:14<\/p>\n","protected":false},"excerpt":{"rendered":"<p>Dwup\u0142ytowe nagranie utwor\u00f3w zrealizowa\u0142 Ch\u00f3r Akademicki Profesora Szyrockiego Zachodniopomorskiego Uniwersytetu Technologicznego. To pierwsza monograficzna p\u0142yta z muzyk\u0105 Marka Jasi\u0144skiego. Nagrany w technologii sourround, co znaczy, \u017ce mo\u017cna takiej p\u0142yty s\u0142ucha\u0107 w domu na zestawie kina domowego z zachowaniem efekt\u00f3w przestrzennych, kt\u00f3re kompozytor zastosowa\u0142 w swoich utworach. Nagrany w Studiu Koncertowym im. Jana Szyrockiego Polskiego Radia [&hellip;]<\/p>\n","protected":false},"author":1,"featured_media":0,"comment_status":"closed","ping_status":"closed","sticky":false,"template":"","format":"standard","meta":[],"categories":[2,9],"tags":[],"_links":{"self":[{"href":"https:\/\/marekjasinski.org.pl\/index.php?rest_route=\/wp\/v2\/posts\/88"}],"collection":[{"href":"https:\/\/marekjasinski.org.pl\/index.php?rest_route=\/wp\/v2\/posts"}],"about":[{"href":"https:\/\/marekjasinski.org.pl\/index.php?rest_route=\/wp\/v2\/types\/post"}],"author":[{"embeddable":true,"href":"https:\/\/marekjasinski.org.pl\/index.php?rest_route=\/wp\/v2\/users\/1"}],"replies":[{"embeddable":true,"href":"https:\/\/marekjasinski.org.pl\/index.php?rest_route=%2Fwp%2Fv2%2Fcomments&post=88"}],"version-history":[{"count":2,"href":"https:\/\/marekjasinski.org.pl\/index.php?rest_route=\/wp\/v2\/posts\/88\/revisions"}],"predecessor-version":[{"id":225,"href":"https:\/\/marekjasinski.org.pl\/index.php?rest_route=\/wp\/v2\/posts\/88\/revisions\/225"}],"wp:attachment":[{"href":"https:\/\/marekjasinski.org.pl\/index.php?rest_route=%2Fwp%2Fv2%2Fmedia&parent=88"}],"wp:term":[{"taxonomy":"category","embeddable":true,"href":"https:\/\/marekjasinski.org.pl\/index.php?rest_route=%2Fwp%2Fv2%2Fcategories&post=88"},{"taxonomy":"post_tag","embeddable":true,"href":"https:\/\/marekjasinski.org.pl\/index.php?rest_route=%2Fwp%2Fv2%2Ftags&post=88"}],"curies":[{"name":"wp","href":"https:\/\/api.w.org\/{rel}","templated":true}]}}