{"id":61,"date":"2019-10-14T23:39:13","date_gmt":"2019-10-14T23:39:13","guid":{"rendered":"http:\/\/marekjasinski.org.pl\/?p=61"},"modified":"2019-10-15T02:27:56","modified_gmt":"2019-10-15T00:27:56","slug":"inne-opracowania","status":"publish","type":"post","link":"https:\/\/marekjasinski.org.pl\/?p=61","title":{"rendered":"INNE OPRACOWANIA"},"content":{"rendered":"\n<p><em><strong>Kompozytorzy szczeci\u0144scy po 1945 roku<\/strong><\/em><br>pod. red. Eugeniusza Kusa i Miko\u0142aja Szcz\u0119snego<br>Zamek Ksi\u0105\u017c\u0105t Pomorskich, Szczecin 2002.\n\n<\/p>\n","protected":false},"excerpt":{"rendered":"<p>Kompozytorzy szczeci\u0144scy po 1945 rokupod. red. Eugeniusza Kusa i Miko\u0142aja Szcz\u0119snegoZamek Ksi\u0105\u017c\u0105t Pomorskich, Szczecin 2002.<\/p>\n","protected":false},"author":1,"featured_media":0,"comment_status":"open","ping_status":"open","sticky":false,"template":"","format":"standard","meta":[],"categories":[7,1],"tags":[],"_links":{"self":[{"href":"https:\/\/marekjasinski.org.pl\/index.php?rest_route=\/wp\/v2\/posts\/61"}],"collection":[{"href":"https:\/\/marekjasinski.org.pl\/index.php?rest_route=\/wp\/v2\/posts"}],"about":[{"href":"https:\/\/marekjasinski.org.pl\/index.php?rest_route=\/wp\/v2\/types\/post"}],"author":[{"embeddable":true,"href":"https:\/\/marekjasinski.org.pl\/index.php?rest_route=\/wp\/v2\/users\/1"}],"replies":[{"embeddable":true,"href":"https:\/\/marekjasinski.org.pl\/index.php?rest_route=%2Fwp%2Fv2%2Fcomments&post=61"}],"version-history":[{"count":1,"href":"https:\/\/marekjasinski.org.pl\/index.php?rest_route=\/wp\/v2\/posts\/61\/revisions"}],"predecessor-version":[{"id":62,"href":"https:\/\/marekjasinski.org.pl\/index.php?rest_route=\/wp\/v2\/posts\/61\/revisions\/62"}],"wp:attachment":[{"href":"https:\/\/marekjasinski.org.pl\/index.php?rest_route=%2Fwp%2Fv2%2Fmedia&parent=61"}],"wp:term":[{"taxonomy":"category","embeddable":true,"href":"https:\/\/marekjasinski.org.pl\/index.php?rest_route=%2Fwp%2Fv2%2Fcategories&post=61"},{"taxonomy":"post_tag","embeddable":true,"href":"https:\/\/marekjasinski.org.pl\/index.php?rest_route=%2Fwp%2Fv2%2Ftags&post=61"}],"curies":[{"name":"wp","href":"https:\/\/api.w.org\/{rel}","templated":true}]}}