{"id":233,"date":"2021-09-05T22:38:26","date_gmt":"2021-09-05T20:38:26","guid":{"rendered":"http:\/\/marekjasinski.org.pl\/?p=233"},"modified":"2021-09-05T22:42:07","modified_gmt":"2021-09-05T20:42:07","slug":"i-miedzynarodowy-festiwal-im-prof-marka-jasinskiego-soni-spatium","status":"publish","type":"post","link":"https:\/\/marekjasinski.org.pl\/?p=233","title":{"rendered":"I Mi\u0119dzynarodowy Festiwal im. prof. Marka Jasi\u0144skiego \u201eSoni Spatium\u201d"},"content":{"rendered":"\n<h2> <a href=\"https:\/\/polmic.pl\/index.php?option=com_content&amp;view=article&amp;id=8260:stargard-i-miedzynarodowy-festiwal-im-prof-marka-jasinskiego-soni-spatium&amp;catid=84&amp;Itemid=51&amp;lang=pl\" target=\"_blank\" rel=\"noreferrer noopener\"> <strong>I edycja Mi\u0119dzynarodowego Festiwalu im. prof. Marka Jasi\u0144skiego \u201eSoni<\/strong><\/a> <a href=\"https:\/\/polmic.pl\/index.php?option=com_content&amp;view=article&amp;id=8260:stargard-i-miedzynarodowy-festiwal-im-prof-marka-jasinskiego-soni-spatium&amp;catid=84&amp;Itemid=51&amp;lang=pl\" target=\"_blank\" rel=\"noreferrer noopener\"><strong>Spatium\u201d odb\u0119dzie si\u0119 w Stargardzie w dniach 10\u201312 wrze\u015bnia 2021. \u201ePrzestrze\u0144 d\u017awi\u0119ku\u201d to polskie t\u0142umaczenie nazwy Festiwalu, kt\u00f3ra w pe\u0142ni oddaje charakter muzyki tego znakomitego kompozytora, pedagoga, profesora Akademii Muzycznych w Poznaniu i Bydgoszczy.<\/strong> <\/a> <\/h2>\n\n\n\n<div class=\"wp-block-image\"><figure class=\"alignright is-resized\"><img loading=\"lazy\" src=\"https:\/\/polmic.pl\/images\/stories\/foto\/SoniSpatium_21_pr.jpg\" alt=\"\" width=\"395\" height=\"527\"\/><\/figure><\/div>\n\n\n\n<p><a href=\"https:\/\/polmic.pl\/index.php?option=com_content&amp;view=article&amp;id=8260:stargard-i-miedzynarodowy-festiwal-im-prof-marka-jasinskiego-soni-spatium&amp;catid=84&amp;tmpl=component&amp;componentStyle=blog_3&amp;print=1&amp;layout=default&amp;Itemid=51&amp;lang=pl\"><\/a><\/p>\n\n\n\n<p><\/p>\n\n\n\n<p>Miejsce organizacji Festiwalu nie jest przypadkowe. Stargard jest miastem rodzinnym&nbsp;<a href=\"https:\/\/polmic.pl\/index.php?option=com_mwosoby&amp;id=182&amp;litera=11&amp;view=czlowiek&amp;Itemid=5&amp;lang=pl\">Marka Jasi\u0144skiego<\/a>, gdzie kszta\u0142towa\u0142a si\u0119 jego mi\u0142o\u015b\u0107 do muzyki. Tw\u00f3rczo\u015b\u0107 Profesora by\u0142\u0105 \u017ar\u00f3d\u0142em wielkich i niepodwa\u017calnych warto\u015bci: pi\u0119kna, dobra, prawdy i g\u0142\u0119bokiej wiary. Dzi\u0119ki nowemu Festiwalowi muzyka Marka Jasi\u0144skiego znajdzie swoje trwa\u0142e miejsce w repertuarze wykonawc\u00f3w w kraju i za granic\u0105 oraz b\u0119dzie kszta\u0142towa\u0107 i inspirowa\u0107 m\u0142odych kompozytor\u00f3w i wykonawc\u00f3w.<\/p>\n\n\n\n<p>Muzyka kompozytora zabrzmi w Kolegiacie Naj\u015bwi\u0119tszej Marii Panny Kr\u00f3lowej \u015awiata oraz Pa\u0144stwowej Szkole Muzycznej I i II stopnia im. W. Lutos\u0142awskiego w Stargardzie. Us\u0142yszymy r\u00f3wnie\u017c utwory Szymona Godziemba-Trytka, J\u00f3zefa \u015awidra i Wojciecha B\u0142a\u017cejczyka. Kompozycje polskich tw\u00f3rc\u00f3w us\u0142yszymy w wykonaniu Ch\u00f3ru Mi\u0119dzynarodowej Akademii Ch\u00f3ralnej In Terra Pax pod dyrekcj\u0105 Moniki Ba\u017eikowej, Joli Szczepaniak &amp; Jazz Quartet, ch\u00f3ru dzieci\u0119cego Og\u00f3lnokszta\u0142c\u0105cej Szko\u0142y Muzycznej I st. im. prof. Marka Jasi\u0144skiego w Szczecinie, Ch\u00f3ru Akademickiego im. Jana Szyrockiego Zachodniopomorskiego Uniwersytetu Technologicznego w Szczecinie i Orkiestry Camerata Stargard pod dyrekcj\u0105 dr hab. Szymona Wyrzykowskiego; w roli solistki wyst\u0105pi znana mezzosopranistka Ma\u0142gorzata Pa\u0144ko-Edery.<\/p>\n\n\n\n<p>W ramach Festiwalu odb\u0119dzie si\u0119 ponadto wystawa prezentuj\u0105ca sylwetk\u0119 Marka Jasi\u0144skiego (w Parku im. Boles\u0142awa Chrobrego w Stargardzie), a tak\u017ce spotkanie z udzia\u0142em uczni\u00f3w Profesora.<\/p>\n\n\n\n<p>Patronat honorowy nad wydarzeniem obj\u0105\u0142&nbsp;<a href=\"https:\/\/polmic.pl\/index.php?option=com_mwinstytucje&amp;id=46&amp;litera=29&amp;view=organizacja&amp;Itemid=210&amp;lang=pl\">Zwi\u0105zek Kompozytor\u00f3w Polskich<\/a>.<\/p>\n\n\n\n<p>Dofinansowano w ramach programu \u201eMuzyka\u201d, realizowanego przez&nbsp;<a href=\"https:\/\/polmic.pl\/index.php?option=com_mwinstytucje&amp;id=1251&amp;litera=0&amp;view=instytutkultury&amp;Itemid=214&amp;lang=pl\">Narodowy Instytut Muzyki i Ta\u0144ca<\/a>.<\/p>\n\n\n\n<p><strong>Patronat medialny nad Festiwalem sprawuje Polskie Centrum Informacji Muzycznej POLMIC.<\/strong><\/p>\n","protected":false},"excerpt":{"rendered":"<p>I edycja Mi\u0119dzynarodowego Festiwalu im. prof. Marka Jasi\u0144skiego \u201eSoni Spatium\u201d odb\u0119dzie si\u0119 w Stargardzie w dniach 10\u201312 wrze\u015bnia 2021. \u201ePrzestrze\u0144 d\u017awi\u0119ku\u201d to polskie t\u0142umaczenie nazwy Festiwalu, kt\u00f3ra w pe\u0142ni oddaje charakter muzyki tego znakomitego kompozytora, pedagoga, profesora Akademii Muzycznych w Poznaniu i Bydgoszczy. Miejsce organizacji Festiwalu nie jest przypadkowe. Stargard jest miastem rodzinnym&nbsp;Marka Jasi\u0144skiego, gdzie [&hellip;]<\/p>\n","protected":false},"author":1,"featured_media":0,"comment_status":"open","ping_status":"open","sticky":false,"template":"","format":"standard","meta":[],"categories":[13,2],"tags":[],"_links":{"self":[{"href":"https:\/\/marekjasinski.org.pl\/index.php?rest_route=\/wp\/v2\/posts\/233"}],"collection":[{"href":"https:\/\/marekjasinski.org.pl\/index.php?rest_route=\/wp\/v2\/posts"}],"about":[{"href":"https:\/\/marekjasinski.org.pl\/index.php?rest_route=\/wp\/v2\/types\/post"}],"author":[{"embeddable":true,"href":"https:\/\/marekjasinski.org.pl\/index.php?rest_route=\/wp\/v2\/users\/1"}],"replies":[{"embeddable":true,"href":"https:\/\/marekjasinski.org.pl\/index.php?rest_route=%2Fwp%2Fv2%2Fcomments&post=233"}],"version-history":[{"count":7,"href":"https:\/\/marekjasinski.org.pl\/index.php?rest_route=\/wp\/v2\/posts\/233\/revisions"}],"predecessor-version":[{"id":241,"href":"https:\/\/marekjasinski.org.pl\/index.php?rest_route=\/wp\/v2\/posts\/233\/revisions\/241"}],"wp:attachment":[{"href":"https:\/\/marekjasinski.org.pl\/index.php?rest_route=%2Fwp%2Fv2%2Fmedia&parent=233"}],"wp:term":[{"taxonomy":"category","embeddable":true,"href":"https:\/\/marekjasinski.org.pl\/index.php?rest_route=%2Fwp%2Fv2%2Fcategories&post=233"},{"taxonomy":"post_tag","embeddable":true,"href":"https:\/\/marekjasinski.org.pl\/index.php?rest_route=%2Fwp%2Fv2%2Ftags&post=233"}],"curies":[{"name":"wp","href":"https:\/\/api.w.org\/{rel}","templated":true}]}}