{"id":211,"date":"2021-09-01T04:11:02","date_gmt":"2021-09-01T02:11:02","guid":{"rendered":"http:\/\/marekjasinski.org.pl\/?p=211"},"modified":"2021-09-01T04:32:47","modified_gmt":"2021-09-01T02:32:47","slug":"miedzynarodowy-festiwal-muzyczny-sacrum-non-profanum-2012","status":"publish","type":"post","link":"https:\/\/marekjasinski.org.pl\/?p=211","title":{"rendered":"MI\u0118DZYNARODOWY FESTIWAL MUZYCZNY SACRUM NON PROFANUM 2012"},"content":{"rendered":"\n<div class=\"wp-block-image\"><figure class=\"alignright\"><img src=\"http:\/\/www.marekjasinski.org.pl\/obrazy\/news\/Miedzynarodowy-Festiwal-Muzyczny-Sacrum-non-Profanum-2012_it36_r_800x600.png\" alt=\"\"\/><\/figure><\/div>\n\n\n\n<p><a href=\"http:\/\/www.sacrumnonprofanum.pl\/pl\/zaproszenia\/6-sacrum-non-profanum-od-trzsacza-do-winoujcia-.html\">Sacrum Non Profanum od Trz\u0119sacza do \u015awinouj\u015bcia<\/a><\/p>\n\n\n\n<p>Spotykamy si\u0119 z Pa\u0144stwem ju\u017c po raz \u00f3smy podczas Mi\u0119dzynarodowego Festiwalu Muzycznego Sacrum non Profanum. Nasz\u0105 muzyczn\u0105 ofert\u0119 kierujemy nie tylko do Mieszka\u0144c\u00f3w Pomorza Zachodniego i Wczasowicz\u00f3w sp\u0119dzaj\u0105cych sw\u00f3j letni urlop w Trz\u0119saczu, ale pierwszy raz korzystamy te\u017c z go\u015bcinno\u015bci \u015awinouj\u015bcia.<\/p>\n\n\n\n<p>Festiwal po latach artystycznych poszukiwa\u0144, zaliczany jest dzi\u015b do najwa\u017cniejszych letnich wydarze\u0144 kulturalnych w kraju. Sta\u0142o si\u0119 to mi\u0119dzy innymi dzi\u0119ki atrakcyjnemu repertuarowi, udzia\u0142owi wybitnych polskich i zagranicznych artyst\u00f3w oraz wsp\u00f3\u0142pracy z Europejskim Centrum Muzyki Krzysztofa Pendereckiego, realizuj\u0105cym pod bacznym okiem Pani Dyrektor Adrianny Ponieckiej \u2013 Piekutowskiej program M\u0142odzi kompozytorzy w ho\u0142dzie Fryderykowi Chopinowi.<\/p>\n\n\n\n<p><strong>PROGRAM FESTIWALU:<\/strong><\/p>\n\n\n\n<p><strong>13 sierpnia (poniedzia\u0142ek) Trz\u0119sacz<\/strong><\/p>\n\n\n\n<p>Bart\u0142omiej Nizio\u0142 (Szwajcaria) \u2013 skrzypce<br>Andrzej Mielewczyk (Niemcy) \u2013 organy<br>Orkiestra Academia &#8211; Bohdan Boguszewski (dyrygent)<br><strong>A. Vivaldi \u2013 Cztery pory roku<\/strong><\/p>\n\n\n\n<p><strong>14 sierpnia (wtorek) Trz\u0119sacz<\/strong><\/p>\n\n\n\n<p>Wac\u0142aw Golonka \u2013 organy<br>Pozna\u0144ski Kwintet Akordeonowy<br><strong>H.M. G\u00f3recki &#8211; Kantata op. 26 na organy<br>I nagrod\u0119 na Szczeci\u0144skim Konkursie Kompozytorskim (1968)<\/strong><\/p>\n\n\n\n<p><strong>15 sierpnia (\u015broda) \u015awinouj\u015bcie<\/strong><\/p>\n\n\n\n<p>Barbara Tritt \u2013 sopran<br>Wolfgang Seifen (Niemcy) \u2013 organy<br>Orkiestra Filharmonii Szczeci\u0144skiej im. Mieczys\u0142awa Kar\u0142owicza<br>Orkiestra Academia &#8211; Bohdan Boguszewski (dyrygent)<br><strong>H. M. G\u00f3recki \u2013 Symfonia pie\u015bni \u017ca\u0142osnych<br>Ryszard Wilk \u2013 rze\u017aba strukturalna: Wsp\u00f3\u0142brzmienie \u2013 Zapis Pami\u0119ci<\/strong><\/p>\n\n\n\n<p><strong>15 sierpnia (\u015broda) Trz\u0119sacz<\/strong><\/p>\n\n\n\n<p>Tomasz Adam Nowak (Niemcy) \u2013 organy<br><strong>Koncert, kt\u00f3rego nie da si\u0119 powt\u00f3rzy\u0107!<br>Improwizacje organowe na tematy podane przez Publiczno\u015b\u0107<\/strong><\/p>\n\n\n\n<p><strong>16 sierpnia (czwartek) Trz\u0119sacz<\/strong><\/p>\n\n\n\n<p>Patrycja Piekutowska \u2013 skrzypce<br>Vincent de Pol (Niemcy) \u2013 organy<br>Orkiestra Academia &#8211; Bohdan Boguszewski (dyrygent)<\/p>\n\n\n\n<p><strong>17 sierpnia (pi\u0105tek) Trz\u0119sacz<\/strong><\/p>\n\n\n\n<p>Europejskie Centrum Muzyki Krzysztofa Pendereckiego<br>Anna Chudzio \u2013 Leszczy\u0144ska \u2013 flet<br>Jakub Ko\u015bciuszko \u2013 gitara<br>Szczeci\u0144ski Kwartet Smyczkowy Vigoroso<br>Baltic Neopolis Quartet<br><strong>Dariusz Przybylski \u2013 Red,Yellow, Red. Hommage a&#8217; Mark Rothko (prawykonanie)<\/strong><\/p>\n\n\n\n<p><strong>18 sierpnia (sobota) \u015awinouj\u015bcie<\/strong><\/p>\n\n\n\n<p><strong>Marek Jasi\u0144ski&nbsp;<\/strong><strong>\u2013&nbsp;<\/strong><strong>Fantasia et Fuga<\/strong>&nbsp;<strong>na organy<\/strong><br>Wyk. Tomasz Adam Nowak<\/p>\n\n\n\n<p>Tomasz Adam Nowak (Niemcy) \u2013 organy<br>Leszek Skrla \u2013 baryton<br>Ch\u00f3r im. Prof. Jana Szyrockiego Zachodniopomorskiego Uniwersytetu Technologicznego w Szczecinie<br>Ch\u00f3r Amber Singers<br>Orkiestra Academia &#8211; Bohdan Boguszewski (dyrygent)<br>Orkiestra Filharmonii Szczeci\u0144skiej im. M. Kar\u0142owicza<br><strong>H. M. G\u00f3recki \u2013 Beatus Vir<\/strong><\/p>\n\n\n\n<p>Dodatkowe informacje na stronie:<\/p>\n\n\n\n<p><a href=\"http:\/\/www.sacrumnonprofanum.pl\/\">www.sacrumnonprofanum.pl<\/a><\/p>\n","protected":false},"excerpt":{"rendered":"<p>Sacrum Non Profanum od Trz\u0119sacza do \u015awinouj\u015bcia Spotykamy si\u0119 z Pa\u0144stwem ju\u017c po raz \u00f3smy podczas Mi\u0119dzynarodowego Festiwalu Muzycznego Sacrum non Profanum. Nasz\u0105 muzyczn\u0105 ofert\u0119 kierujemy nie tylko do Mieszka\u0144c\u00f3w Pomorza Zachodniego i Wczasowicz\u00f3w sp\u0119dzaj\u0105cych sw\u00f3j letni urlop w Trz\u0119saczu, ale pierwszy raz korzystamy te\u017c z go\u015bcinno\u015bci \u015awinouj\u015bcia. Festiwal po latach artystycznych poszukiwa\u0144, zaliczany jest [&hellip;]<\/p>\n","protected":false},"author":1,"featured_media":0,"comment_status":"open","ping_status":"open","sticky":false,"template":"","format":"standard","meta":[],"categories":[13,2],"tags":[],"_links":{"self":[{"href":"https:\/\/marekjasinski.org.pl\/index.php?rest_route=\/wp\/v2\/posts\/211"}],"collection":[{"href":"https:\/\/marekjasinski.org.pl\/index.php?rest_route=\/wp\/v2\/posts"}],"about":[{"href":"https:\/\/marekjasinski.org.pl\/index.php?rest_route=\/wp\/v2\/types\/post"}],"author":[{"embeddable":true,"href":"https:\/\/marekjasinski.org.pl\/index.php?rest_route=\/wp\/v2\/users\/1"}],"replies":[{"embeddable":true,"href":"https:\/\/marekjasinski.org.pl\/index.php?rest_route=%2Fwp%2Fv2%2Fcomments&post=211"}],"version-history":[{"count":1,"href":"https:\/\/marekjasinski.org.pl\/index.php?rest_route=\/wp\/v2\/posts\/211\/revisions"}],"predecessor-version":[{"id":212,"href":"https:\/\/marekjasinski.org.pl\/index.php?rest_route=\/wp\/v2\/posts\/211\/revisions\/212"}],"wp:attachment":[{"href":"https:\/\/marekjasinski.org.pl\/index.php?rest_route=%2Fwp%2Fv2%2Fmedia&parent=211"}],"wp:term":[{"taxonomy":"category","embeddable":true,"href":"https:\/\/marekjasinski.org.pl\/index.php?rest_route=%2Fwp%2Fv2%2Fcategories&post=211"},{"taxonomy":"post_tag","embeddable":true,"href":"https:\/\/marekjasinski.org.pl\/index.php?rest_route=%2Fwp%2Fv2%2Ftags&post=211"}],"curies":[{"name":"wp","href":"https:\/\/api.w.org\/{rel}","templated":true}]}}