{"id":209,"date":"2021-09-01T04:09:56","date_gmt":"2021-09-01T02:09:56","guid":{"rendered":"http:\/\/marekjasinski.org.pl\/?p=209"},"modified":"2021-09-01T04:32:41","modified_gmt":"2021-09-01T02:32:41","slug":"sacrum-non-profanum-od-trzesacza-do-swinoujscia","status":"publish","type":"post","link":"https:\/\/marekjasinski.org.pl\/?p=209","title":{"rendered":"SACRUM NON PROFANUM OD TRZ\u0118SACZA DO \u015aWINOUJ\u015aCIA"},"content":{"rendered":"\n<div class=\"wp-block-image\"><figure class=\"alignright\"><img src=\"http:\/\/www.marekjasinski.org.pl\/obrazy\/news\/Sacrum-Non-Profanum-od-Trzesacza-do-Swinoujscia_it40_r_800x600.jpg\" alt=\"\"\/><\/figure><\/div>\n\n\n\n<p>Szanowni Pa\u0144stwo,<\/p>\n\n\n\n<p><br>uprzejmie zapraszamy na&nbsp;<strong>IX Mi\u0119dzynarodowy Festiwal Muzyczny Sacrum Non Profanum \u2013 Muzyka naszych czas\u00f3w<\/strong>&nbsp;po\u015bwi\u0119cony tw\u00f3rczo\u015bci&nbsp;<strong>Krzysztofa Pendereckiego<\/strong>, kt\u00f3ry odb\u0119dzie si\u0119 od 12 \u2013 17 sierpnia 2013 roku w: Szczecinie, Trz\u0119saczu i \u015awinouj\u015bciu.<\/p>\n\n\n\n<p><strong>KALENDARIUM FESTIWALU<\/strong><\/p>\n\n\n\n<p><em>(Wszystkie koncerty rozpoczynaj\u0105 si\u0119 o godzinie 20:00)<\/em><\/p>\n\n\n\n<p>12.08 (poniedzia\u0142ek), Szczecin<\/p>\n\n\n\n<p><strong>MAESTRO KRZYSZTOF PENDERECKI \u2013 GO\u015a\u0106 HONOROWY KONCERTU<br><br><\/strong>Katarzyna Ho\u0142ysz \u2013 sopran<br>Agnieszka Rehlis \u2013 mezzosopran<br>Leszek Skrla \u2013 baryton<br>Wolfgang Seifen \u2013 organy (Berlin)<br>Ch\u00f3r Akademicki im. prof. Jana Szyrockiego<br>Zachodniopomorskiego Uniwersytetu Technologicznego w Szczecinie<br>Ch\u00f3r \u201ein terra pax\u201d<br>Mozart 2003<br>Szymon Wyrzykowski \u2013 przygotowanie ch\u00f3ru<br>Baltic Neopolis Orchestra<br>Orkiestra Academia<br>Orkiestra Symfoniczna Filharmonii im. Mieczys\u0142awa Kar\u0142owicza w Szczecinie<br>Bohdan Boguszewski \u2013 dyrygent<br><br><strong>Wolfgang Seifen \u2013&nbsp;<em>Symohonie pour Grand Orgue<\/em><br>Krzysztof Penderecki \u2013&nbsp;<em>Powia\u0142o na mnie morze sn\u00f3w&#8230; Pie\u015bni zadumy i nostalgii<\/em><br>na sopran, mezzosopran, baryton, ch\u00f3r i orkiestr\u0119<\/strong><\/p>\n\n\n\n<hr class=\"wp-block-separator\"\/>\n\n\n\n<p>13.08 (wtorek), Trz\u0119sacz<\/p>\n\n\n\n<p>Micha\u0142 Markuszewski \u2013 organy<br>Ni&amp;Co \u2013 New Ideas Chamber Orchestra (Wilno)<br>Gediminas Gelgotas \u2013 dyrygent<br><br><strong>Krzysztof Penderecki \u2013&nbsp;<em>Violoncello Totale<\/em><\/strong><\/p>\n\n\n\n<hr class=\"wp-block-separator\"\/>\n\n\n\n<p>14.08 (\u015broda), Trz\u0119sacz<\/p>\n\n\n\n<p>Krzysztof W\u0142adys\u0142aw Lata\u0142a \u2013 organy<br>Roman Widaszek \u2013 klarnet<br>Krakowskie Trio Stroikowe<br>Baltic Neopolis Quartet<\/p>\n\n\n\n<p><strong>Krzysztof Penderecki \u2013&nbsp;<em>Pr\u00e9lude na klarnet<br><\/em><\/strong><strong>Krzysztof Penderecki \u2013&nbsp;<em>Kwartet smyczkowy<\/em>&nbsp;nr&nbsp; 3<\/strong><\/p>\n\n\n\n<hr class=\"wp-block-separator\"\/>\n\n\n\n<p>15.08 (czwartek), Trz\u0119sacz<\/p>\n\n\n\n<p>Marek Kudlicki \u2013 organy (Wiede\u0144)<br>Maciej Fortuna &#8211; tr\u0105bka<br><em>Tribute To Birth of The Cool<\/em><br>Patryk Pi\u0142asiewicz \u2013 dyrygent<br><br><strong>Muzyka filmowa Krzysztofa Pendereckiego<\/strong><\/p>\n\n\n\n<hr class=\"wp-block-separator\"\/>\n\n\n\n<p>16.08 (pi\u0105tek), Trz\u0119sacz<\/p>\n\n\n\n<p>Patrycja Piekutowska \u2013 skrzypce<br>Beata Bili\u0144ska \u2013 fortepian&nbsp;<br>Rafa\u0142 Pawe\u0142 Urbanek \u2013 fortepian&nbsp;<br>Laureat III Zachodniopomorskiego Konkursu Pianistycznego \u2013 Szczecin 2013<\/p>\n\n\n\n<p><strong>Krzysztof Penderecki \u2013 I i II&nbsp;<em>Sonata na skrzypce i fortepian<br><\/em><\/strong><strong>Krzysztof Penderecki \u2013&nbsp;<em>Miniatury<\/em><br><\/strong><strong>Witold Lutos\u0142awski&nbsp;<\/strong>\u2013<strong>&nbsp;<em>Partita<\/em><\/strong><\/p>\n\n\n\n<hr class=\"wp-block-separator\"\/>\n\n\n\n<p>17.08 (sobota), \u015awinouj\u015bcie<\/p>\n\n\n\n<p>Tomasz Strahl \u2013 wiolonczela<br>Rafa\u0142 Kwiatkowski \u2013 wiolonczela<br>Marta Kordykiewicz \u2013 wiolonczela<br>Baltic Neopolis Orchestra<br>Orkiestra Academia<br>Orkiestra Symfoniczna Filharmonii im. Mieczys\u0142awa Kar\u0142owicza w Szczecinie<br>Bohdan Boguszewski \u2013 dyrygent<\/p>\n\n\n\n<p><strong>Marek Jasi\u0144ski \u2013&nbsp;<em>Elegia na smyczki<br><\/em><\/strong><strong>Krzysztof Penderecki \u2013&nbsp;<em>Concerto grosso<\/em>&nbsp;na trzy wiolonczele i orkiestr\u0119<br><\/strong><strong>Witold Lutos\u0142awski \u2013&nbsp;<em>Ma\u0142a suita<\/em><\/strong><\/p>\n\n\n\n<hr class=\"wp-block-separator\"\/>\n\n\n\n<p>Prowadzenie koncert\u00f3w \u2013 prof. Halina Lorkowska<\/p>\n","protected":false},"excerpt":{"rendered":"<p>Szanowni Pa\u0144stwo, uprzejmie zapraszamy na&nbsp;IX Mi\u0119dzynarodowy Festiwal Muzyczny Sacrum Non Profanum \u2013 Muzyka naszych czas\u00f3w&nbsp;po\u015bwi\u0119cony tw\u00f3rczo\u015bci&nbsp;Krzysztofa Pendereckiego, kt\u00f3ry odb\u0119dzie si\u0119 od 12 \u2013 17 sierpnia 2013 roku w: Szczecinie, Trz\u0119saczu i \u015awinouj\u015bciu. KALENDARIUM FESTIWALU (Wszystkie koncerty rozpoczynaj\u0105 si\u0119 o godzinie 20:00) 12.08 (poniedzia\u0142ek), Szczecin MAESTRO KRZYSZTOF PENDERECKI \u2013 GO\u015a\u0106 HONOROWY KONCERTU Katarzyna Ho\u0142ysz \u2013 sopranAgnieszka [&hellip;]<\/p>\n","protected":false},"author":1,"featured_media":0,"comment_status":"open","ping_status":"open","sticky":false,"template":"","format":"standard","meta":[],"categories":[13,2],"tags":[],"_links":{"self":[{"href":"https:\/\/marekjasinski.org.pl\/index.php?rest_route=\/wp\/v2\/posts\/209"}],"collection":[{"href":"https:\/\/marekjasinski.org.pl\/index.php?rest_route=\/wp\/v2\/posts"}],"about":[{"href":"https:\/\/marekjasinski.org.pl\/index.php?rest_route=\/wp\/v2\/types\/post"}],"author":[{"embeddable":true,"href":"https:\/\/marekjasinski.org.pl\/index.php?rest_route=\/wp\/v2\/users\/1"}],"replies":[{"embeddable":true,"href":"https:\/\/marekjasinski.org.pl\/index.php?rest_route=%2Fwp%2Fv2%2Fcomments&post=209"}],"version-history":[{"count":2,"href":"https:\/\/marekjasinski.org.pl\/index.php?rest_route=\/wp\/v2\/posts\/209\/revisions"}],"predecessor-version":[{"id":219,"href":"https:\/\/marekjasinski.org.pl\/index.php?rest_route=\/wp\/v2\/posts\/209\/revisions\/219"}],"wp:attachment":[{"href":"https:\/\/marekjasinski.org.pl\/index.php?rest_route=%2Fwp%2Fv2%2Fmedia&parent=209"}],"wp:term":[{"taxonomy":"category","embeddable":true,"href":"https:\/\/marekjasinski.org.pl\/index.php?rest_route=%2Fwp%2Fv2%2Fcategories&post=209"},{"taxonomy":"post_tag","embeddable":true,"href":"https:\/\/marekjasinski.org.pl\/index.php?rest_route=%2Fwp%2Fv2%2Ftags&post=209"}],"curies":[{"name":"wp","href":"https:\/\/api.w.org\/{rel}","templated":true}]}}