{"id":207,"date":"2021-09-01T04:08:54","date_gmt":"2021-09-01T02:08:54","guid":{"rendered":"http:\/\/marekjasinski.org.pl\/?p=207"},"modified":"2021-09-01T04:18:58","modified_gmt":"2021-09-01T02:18:58","slug":"x-miedzynarodowy-festiwal-muzyczny-sacrum-non-profanum-2014","status":"publish","type":"post","link":"https:\/\/marekjasinski.org.pl\/?p=207","title":{"rendered":"X MI\u0118DZYNARODOWY FESTIWAL MUZYCZNY SACRUM NON PROFANUM 2014"},"content":{"rendered":"\n<div class=\"wp-block-image\"><figure class=\"alignright is-resized\"><img loading=\"lazy\" src=\"http:\/\/www.marekjasinski.org.pl\/obrazy\/news\/X-MIEDZYNARODOWY-FESTIWAL-MUZYCZNY-SACRUM-NON-PROFANUM-2014_it43_r_800x600.jpg\" alt=\"\" width=\"449\" height=\"110\"\/><\/figure><\/div>\n\n\n\n<p><strong>PO\u015aWI\u0118CONY TW\u00d3RCZO\u015aCI WOJCIECHA KILARA<\/strong><\/p>\n\n\n\n<p>SZCZECIN \u2013 TRZ\u0118SACZ \u2013 \u015aWINOUJ\u015aCIE<\/p>\n\n\n\n<p>10-17 SIERPNIA 2014<\/p>\n\n\n\n<p>Wyst\u0105pili:<\/p>\n\n\n\n<p><strong>Wybitni soli\u015bci<\/strong>: Andrzej Chorosi\u0144ski, Joanna Doma\u0144ska, Andrzej G\u0119bski, Bettina Jensen, Hanna Hozer, Gabriela Kulka, Konstanty Andrzej Kulka, Philip Kwoka, Adam Makowicz, Andrzej Mielewczyk, Grzegorz Rudnik, Zygmunt Rychert, Leszek Skrla, Kuba Stankiewicz, Tadeusz Tomaszewski, Joanna Tylkowska-Dro\u017cd\u017c, Andrzej Wr\u00f3bel, Szymon Wyrzykowski, Witold Zalewski, Tomasz Zag\u00f3rski.<\/p>\n\n\n\n<p><strong>Znakomite zespo\u0142y<\/strong>: Affabre Concinui, Krakowski Kwintet D\u0119ty, Rach\u00e9r Saxophon Quartett.<\/p>\n\n\n\n<p><strong>Doskona\u0142e ch\u00f3ry<\/strong>: im. prof. Jana Szyrockiego, Allegrezza del canto, Con Passione, Sant Yago&nbsp;<strong>i orkiestry<\/strong>: Academia oraz Wojskowa w \u015awinouj\u015bciu, ponadto wernisa\u017c wystawy fotografii Zdzis\u0142awa Sowi\u0144skiego &#8211;&nbsp;<em>WOJCIECH KILAR&nbsp;<\/em><em>teraz, teraz, teraz i \u2026..amen.<\/em><\/p>\n\n\n\n<p><br>Bohdan Boguszewski \u2013 dyrektor artystyczny Festiwalu<\/p>\n\n\n\n<p><strong>www.sacrumnonprofanum.pl<\/strong><\/p>\n","protected":false},"excerpt":{"rendered":"<p>PO\u015aWI\u0118CONY TW\u00d3RCZO\u015aCI WOJCIECHA KILARA SZCZECIN \u2013 TRZ\u0118SACZ \u2013 \u015aWINOUJ\u015aCIE 10-17 SIERPNIA 2014 Wyst\u0105pili: Wybitni soli\u015bci: Andrzej Chorosi\u0144ski, Joanna Doma\u0144ska, Andrzej G\u0119bski, Bettina Jensen, Hanna Hozer, Gabriela Kulka, Konstanty Andrzej Kulka, Philip Kwoka, Adam Makowicz, Andrzej Mielewczyk, Grzegorz Rudnik, Zygmunt Rychert, Leszek Skrla, Kuba Stankiewicz, Tadeusz Tomaszewski, Joanna Tylkowska-Dro\u017cd\u017c, Andrzej Wr\u00f3bel, Szymon Wyrzykowski, Witold Zalewski, Tomasz [&hellip;]<\/p>\n","protected":false},"author":1,"featured_media":0,"comment_status":"open","ping_status":"open","sticky":false,"template":"","format":"standard","meta":[],"categories":[13],"tags":[],"_links":{"self":[{"href":"https:\/\/marekjasinski.org.pl\/index.php?rest_route=\/wp\/v2\/posts\/207"}],"collection":[{"href":"https:\/\/marekjasinski.org.pl\/index.php?rest_route=\/wp\/v2\/posts"}],"about":[{"href":"https:\/\/marekjasinski.org.pl\/index.php?rest_route=\/wp\/v2\/types\/post"}],"author":[{"embeddable":true,"href":"https:\/\/marekjasinski.org.pl\/index.php?rest_route=\/wp\/v2\/users\/1"}],"replies":[{"embeddable":true,"href":"https:\/\/marekjasinski.org.pl\/index.php?rest_route=%2Fwp%2Fv2%2Fcomments&post=207"}],"version-history":[{"count":1,"href":"https:\/\/marekjasinski.org.pl\/index.php?rest_route=\/wp\/v2\/posts\/207\/revisions"}],"predecessor-version":[{"id":208,"href":"https:\/\/marekjasinski.org.pl\/index.php?rest_route=\/wp\/v2\/posts\/207\/revisions\/208"}],"wp:attachment":[{"href":"https:\/\/marekjasinski.org.pl\/index.php?rest_route=%2Fwp%2Fv2%2Fmedia&parent=207"}],"wp:term":[{"taxonomy":"category","embeddable":true,"href":"https:\/\/marekjasinski.org.pl\/index.php?rest_route=%2Fwp%2Fv2%2Fcategories&post=207"},{"taxonomy":"post_tag","embeddable":true,"href":"https:\/\/marekjasinski.org.pl\/index.php?rest_route=%2Fwp%2Fv2%2Ftags&post=207"}],"curies":[{"name":"wp","href":"https:\/\/api.w.org\/{rel}","templated":true}]}}