{"id":205,"date":"2021-09-01T04:07:50","date_gmt":"2021-09-01T02:07:50","guid":{"rendered":"http:\/\/marekjasinski.org.pl\/?p=205"},"modified":"2021-09-01T04:32:35","modified_gmt":"2021-09-01T02:32:35","slug":"50-miedzynarodowy-festiwal-piesni-choralnej-w-miedzyzdrojach","status":"publish","type":"post","link":"https:\/\/marekjasinski.org.pl\/?p=205","title":{"rendered":"50 MI\u0118DZYNARODOWY FESTIWAL PIE\u015aNI CH\u00d3RALNEJ W MI\u0118DZYZDROJACH"},"content":{"rendered":"\n<div class=\"wp-block-image\"><figure class=\"alignright is-resized\"><img loading=\"lazy\" src=\"http:\/\/www.marekjasinski.org.pl\/obrazy\/news\/50-MIEDZYNARODOWY-FESTIWAL-PIESNI-CHORALNEJ-W-MIEDZYZDROJACH_it47_r_800x600.png\" alt=\"\" width=\"313\" height=\"443\"\/><\/figure><\/div>\n\n\n\n<p><strong>KONCERT INAUGURACYJNY FESTIWALU<\/strong><\/p>\n\n\n\n<p>Mi\u0119dzynarodowy Dom Kultury w Mi\u0119dzyzdrojach<\/p>\n\n\n\n<p><strong>21.06.2015 r. godz. 19.30<\/strong><\/p>\n\n\n\n<p>wyst\u0105pi<\/p>\n\n\n\n<p>Ch\u00f3r Akademicki im. prof. Jana Szyrockiego Zachodniopomorskiego Uniwersytetu Technologicznego w Szczecinie<\/p>\n\n\n\n<p>Dyrygent \u2013 Szymon Wyrzykowski<\/p>\n\n\n\n<p>PROGRAM:<\/p>\n\n\n\n<p><strong>I Generacje:<\/strong><\/p>\n\n\n\n<p>Szymon Godziemba-Trytek \u2013 Nox praecessit<\/p>\n\n\n\n<p>Marek Jasi\u0144ski \u2013 Exultate Deo<\/p>\n\n\n\n<p>Andrzej Koszewski \u2013 Pax hominibus<\/p>\n\n\n\n<p>Tadeusz Szeligowski \u2013 Psalm radosny<\/p>\n\n\n\n<p><em>Fryderyk Chopin&nbsp;<\/em>\u2013&nbsp;<em>Mazurek<\/em><\/p>\n\n\n\n<p><strong>II Maryja:<\/strong><\/p>\n\n\n\n<p>Bogurodzica<br>Sergiej Rachmaninow \u2013 Bogorodice dievo<br>Szymon Godziemba-Trytek \u2013 Ma\u0142a suita kaszubska<br>Marek Jasi\u0144ski \u2013 Stabat Mater<\/p>\n\n\n\n<p><strong>III \u015awiat\u0142o:<\/strong><\/p>\n\n\n\n<p>Miko\u0142aj Gom\u00f3\u0142ka \u2013 Psalm 118<\/p>\n\n\n\n<p>Wac\u0142aw z Szamotu\u0142 \u2013 Ju\u017c si\u0119 zmierzcha<br>Pawe\u0142 \u0141ukaszewski \u2013 O Emmanuel<br>Krzysztof Penderecki \u2013 I\u017ce chieruwimy<\/p>\n\n\n\n<p><strong>IV Profanum:<\/strong><\/p>\n\n\n\n<p>Kazimierz Sikorski \u2013 Jakem ja szed\u0142<\/p>\n\n\n\n<p>Ivan Hrusovsky \u2013 Rytmus<\/p>\n\n\n\n<p>Arjis Skepats \u2013 Es gulu gulu<\/p>\n\n\n\n<p>Marek Jasi\u0144ski \u2013 Scherzo<\/p>\n","protected":false},"excerpt":{"rendered":"<p>KONCERT INAUGURACYJNY FESTIWALU Mi\u0119dzynarodowy Dom Kultury w Mi\u0119dzyzdrojach 21.06.2015 r. godz. 19.30 wyst\u0105pi Ch\u00f3r Akademicki im. prof. Jana Szyrockiego Zachodniopomorskiego Uniwersytetu Technologicznego w Szczecinie Dyrygent \u2013 Szymon Wyrzykowski PROGRAM: I Generacje: Szymon Godziemba-Trytek \u2013 Nox praecessit Marek Jasi\u0144ski \u2013 Exultate Deo Andrzej Koszewski \u2013 Pax hominibus Tadeusz Szeligowski \u2013 Psalm radosny Fryderyk Chopin&nbsp;\u2013&nbsp;Mazurek II Maryja: [&hellip;]<\/p>\n","protected":false},"author":1,"featured_media":0,"comment_status":"open","ping_status":"open","sticky":false,"template":"","format":"standard","meta":[],"categories":[13,2],"tags":[],"_links":{"self":[{"href":"https:\/\/marekjasinski.org.pl\/index.php?rest_route=\/wp\/v2\/posts\/205"}],"collection":[{"href":"https:\/\/marekjasinski.org.pl\/index.php?rest_route=\/wp\/v2\/posts"}],"about":[{"href":"https:\/\/marekjasinski.org.pl\/index.php?rest_route=\/wp\/v2\/types\/post"}],"author":[{"embeddable":true,"href":"https:\/\/marekjasinski.org.pl\/index.php?rest_route=\/wp\/v2\/users\/1"}],"replies":[{"embeddable":true,"href":"https:\/\/marekjasinski.org.pl\/index.php?rest_route=%2Fwp%2Fv2%2Fcomments&post=205"}],"version-history":[{"count":1,"href":"https:\/\/marekjasinski.org.pl\/index.php?rest_route=\/wp\/v2\/posts\/205\/revisions"}],"predecessor-version":[{"id":206,"href":"https:\/\/marekjasinski.org.pl\/index.php?rest_route=\/wp\/v2\/posts\/205\/revisions\/206"}],"wp:attachment":[{"href":"https:\/\/marekjasinski.org.pl\/index.php?rest_route=%2Fwp%2Fv2%2Fmedia&parent=205"}],"wp:term":[{"taxonomy":"category","embeddable":true,"href":"https:\/\/marekjasinski.org.pl\/index.php?rest_route=%2Fwp%2Fv2%2Fcategories&post=205"},{"taxonomy":"post_tag","embeddable":true,"href":"https:\/\/marekjasinski.org.pl\/index.php?rest_route=%2Fwp%2Fv2%2Ftags&post=205"}],"curies":[{"name":"wp","href":"https:\/\/api.w.org\/{rel}","templated":true}]}}