{"id":173,"date":"2021-09-01T03:35:44","date_gmt":"2021-09-01T01:35:44","guid":{"rendered":"http:\/\/marekjasinski.org.pl\/?p=173"},"modified":"2021-09-01T04:31:35","modified_gmt":"2021-09-01T02:31:35","slug":"1-05-2016-krakow-marek-jasinski-in-memoriam","status":"publish","type":"post","link":"https:\/\/marekjasinski.org.pl\/?p=173","title":{"rendered":"1\/05\/2016 KRAK\u00d3W &#8211; MAREK JASI\u0143SKI IN MEMORIAM"},"content":{"rendered":"\n<div class=\"wp-block-image\"><figure class=\"alignright is-resized\"><img loading=\"lazy\" src=\"http:\/\/www.marekjasinski.org.pl\/obrazy\/news\/1-05-2016-Krakow-Marek-Jasinski-in-memoriam_it49_r_800x600.jpg\" alt=\"\" width=\"358\" height=\"500\"\/><\/figure><\/div>\n\n\n\n<p><strong>Data<\/strong>: 1 maja 2016, godz. 18.30<br><strong>Miejsce<\/strong>: Ko\u015bci\u00f3\u0142 OO. Paulin\u00f3w na Ska\u0142ce<br><strong>Adres<\/strong>: ul. Ska\u0142eczna 15<\/p>\n\n\n\n<p><strong>Program:<\/strong><br>Magnificat<\/p>\n\n\n\n<p><br>Kyrie<br>Gloria<br>Psalm 100<br>Alleluia<br>Sanctus (z Requiem)<br>Dona nobis pacem<br>Lux et veritas na ch\u00f3r i organy<\/p>\n\n\n\n<p><strong>Wykonawcy:<\/strong><br>Ch\u00f3r Polskiego Radia<br>Andrzej Bia\u0142ko \u2013 organy<br>Szymon Wyrzykowski \u2013 dyrygent<\/p>\n\n\n\n<p><strong>Wst\u0119p wolny<\/strong><\/p>\n\n\n\n<p>Koncert w ramach XXVI Mi\u0119dzynarodowego Festiwalu Muzyki Sakralnej Gaude Mater<\/p>\n","protected":false},"excerpt":{"rendered":"<p>Data: 1 maja 2016, godz. 18.30Miejsce: Ko\u015bci\u00f3\u0142 OO. Paulin\u00f3w na Ska\u0142ceAdres: ul. Ska\u0142eczna 15 Program:Magnificat KyrieGloriaPsalm 100AlleluiaSanctus (z Requiem)Dona nobis pacemLux et veritas na ch\u00f3r i organy Wykonawcy:Ch\u00f3r Polskiego RadiaAndrzej Bia\u0142ko \u2013 organySzymon Wyrzykowski \u2013 dyrygent Wst\u0119p wolny Koncert w ramach XXVI Mi\u0119dzynarodowego Festiwalu Muzyki Sakralnej Gaude Mater<\/p>\n","protected":false},"author":1,"featured_media":0,"comment_status":"open","ping_status":"open","sticky":false,"template":"","format":"standard","meta":[],"categories":[12,2],"tags":[],"_links":{"self":[{"href":"https:\/\/marekjasinski.org.pl\/index.php?rest_route=\/wp\/v2\/posts\/173"}],"collection":[{"href":"https:\/\/marekjasinski.org.pl\/index.php?rest_route=\/wp\/v2\/posts"}],"about":[{"href":"https:\/\/marekjasinski.org.pl\/index.php?rest_route=\/wp\/v2\/types\/post"}],"author":[{"embeddable":true,"href":"https:\/\/marekjasinski.org.pl\/index.php?rest_route=\/wp\/v2\/users\/1"}],"replies":[{"embeddable":true,"href":"https:\/\/marekjasinski.org.pl\/index.php?rest_route=%2Fwp%2Fv2%2Fcomments&post=173"}],"version-history":[{"count":1,"href":"https:\/\/marekjasinski.org.pl\/index.php?rest_route=\/wp\/v2\/posts\/173\/revisions"}],"predecessor-version":[{"id":174,"href":"https:\/\/marekjasinski.org.pl\/index.php?rest_route=\/wp\/v2\/posts\/173\/revisions\/174"}],"wp:attachment":[{"href":"https:\/\/marekjasinski.org.pl\/index.php?rest_route=%2Fwp%2Fv2%2Fmedia&parent=173"}],"wp:term":[{"taxonomy":"category","embeddable":true,"href":"https:\/\/marekjasinski.org.pl\/index.php?rest_route=%2Fwp%2Fv2%2Fcategories&post=173"},{"taxonomy":"post_tag","embeddable":true,"href":"https:\/\/marekjasinski.org.pl\/index.php?rest_route=%2Fwp%2Fv2%2Ftags&post=173"}],"curies":[{"name":"wp","href":"https:\/\/api.w.org\/{rel}","templated":true}]}}